{"id":3555,"date":"2018-07-25T17:42:18","date_gmt":"2018-07-25T15:42:18","guid":{"rendered":"https:\/\/www.germancoaster.com\/?p=3555"},"modified":"2018-07-25T17:42:18","modified_gmt":"2018-07-25T15:42:18","slug":"geaenderte-verkehrsfuehrung-zur-583-cranger-kirmes-noch-mehr-kirmesspass-mit-bus-und-bahn","status":"publish","type":"post","link":"https:\/\/germancoaster.com\/?p=3555","title":{"rendered":"Ge\u00e4nderte Verkehrsf\u00fchrung zur 583. Cranger Kirmes  Noch mehr Kirmesspa\u00df mit Bus und Bahn"},"content":{"rendered":"<p class=\"ox-cc5c4f2c27-MsoNormal\">Der Veranstalter r\u00e4t es dringend an, die Polizei appelliert: Besucher der Cranger Kirmes sollten nach M\u00f6glichkeit den Pkw in der Garage lassen und mit Bus und Bahn oder dem Fahrrad zum Rummelplatz am Rhein-Herne-Kanal fahren. Das aktualisierte und weiter verbesserte Sicherheitskonzept erfordert allerdings eine leicht ge\u00e4nderte Verkehrsf\u00fchrung, sodass die Busse des \u00d6PNV nicht mehr direkt bis an den Kirmesplatz fahren k\u00f6nnen. \u201eUnsere Besucher, die den \u00d6PNV nutzen, m\u00fcssen sich auf etwas l\u00e4ngere Fu\u00dfwege als in den vergangenen Jahren einstellen\u201c, so Kirmesdezernent Johannes Chudziak.<\/p>\n<p class=\"ox-cc5c4f2c27-MsoNormal\">\n<p class=\"ox-cc5c4f2c27-MsoNormal\">Dies betrifft die Busse der Stra\u00dfenbahn Herne \u2013 Castrop-Rauxel GmbH (HCR), der Bochum-Gelsenkirchener Stra\u00dfenbahnen AG (BOGESTRA) und der Vestischen Stra\u00dfenbahnen GmbH. Die HCR-Busse halten auf der Heerstra\u00dfe kurz vor der Tankstelle, die Bogestra-Linien auf der Rathausstra\u00dfe (zwischen Cranger Heide und Franzstra\u00dfe), und die Fahrg\u00e4ste der \u201eVestischen\u201c steigen an der Recklinghauser Stra\u00dfe aus. Vom Hbf Wanne-Eickel oder vom Bf Herne fahren zahlreiche Buslinien den Rummelplatz an. Zum Beispiel die \u201eKirmeslinie 322\u201c, die das Volksfest direkt mit dem Herner Bahnhof verbindet. Aus- und Zustiege sind auf der Heerstra\u00dfe m\u00f6glich, die Busse nutzen f\u00fcr die R\u00fcckfahrt das au\u00dferhalb der Kirmestage gesperrte \u201eU\u201c: an der Tankstelle vorbei, dann parallel zum Kanal und bei \u201eM\u00fcntefering-Gockeln\u201c wieder zur\u00fcck auf die Heerstra\u00dfe.<\/p>\n<p class=\"ox-cc5c4f2c27-MsoNormal\">\n<p class=\"ox-cc5c4f2c27-MsoNormal\"><b>P&amp;R-Parkplatz ganz nah an A42-Auf-und Abfahrt<\/b><\/p>\n<p class=\"ox-cc5c4f2c27-MsoNormal\">Wer nicht auf seinen Pkw verzichten m\u00f6chte, kann die \u00fcber 20 geb\u00fchrenpflichtigen Parkpl\u00e4tze rund um das elf Hektar gro\u00dfe Kirmesgel\u00e4nde anfahren \u2013 oder den P&amp;R-Parkplatz an der Forellstra\u00dfe\/Westring in Herne-Baukau, direkt an der A42-Anschlussstelle, nutzen. Die Parkgeb\u00fchr wurde dort von sieben auf sechs Euro reduziert, das Ticket dient gleichzeitig als Fahrkarte f\u00fcr bis zu f\u00fcnf Personen nach Crange und wieder zur\u00fcck. Der P&amp;R-Parkplatz an der A42-Abfahrt Gelsenkirchen-Schalke wird in dieser Kirmessaison nicht angefahren. Apropos Parkpl\u00e4tze: Die Parkm\u00f6glichkeiten bei \u201eSchwing\u201c k\u00f6nnen auch weiterhin angefahren werden, die Zu- und Abfahrt ist nur noch \u00fcber die Heerstra\u00dfe m\u00f6glich. Einen Parkplatz musste die Stadt Herne kurz vor Beginn der Kirmes aus ihrem Angebot nehmen, da der Schulhof der Laurentius-Grundschule an der Gahlenstra\u00dfe wegen Sanierungsarbeiten im und am Schulgeb\u00e4ude nicht benutzt werden kann.<\/p>\n<p class=\"ox-cc5c4f2c27-MsoNormal\">\n<p class=\"ox-cc5c4f2c27-MsoNormal\"><b>Taxist\u00e4nde rund um den Kirmesplatz<\/b><\/p>\n<p class=\"ox-cc5c4f2c27-MsoNormal\">Neben Bus, Bahn oder dem Fahrrad \u2013 daf\u00fcr gibt es einen bewachten Parkplatz (1.- Euro Geb\u00fchr) gegen\u00fcber der Jugendkunstschule an der Dorstener Stra\u00dfe \u2013 sind nat\u00fcrlich auch die Taxis im \u201eKirmesdienst\u201c. Die offiziellen Standpl\u00e4tze: Heerstra\u00dfe (gegen\u00fcber der Tankstelle), Dorstener Stra\u00dfe (kurz vor der BAB-Br\u00fccke), Heinitzstra\u00dfe und Hauptstra\u00dfe (Flora Marzina).<\/p>\n<p class=\"ox-cc5c4f2c27-MsoNormal\">\n<p class=\"ox-cc5c4f2c27-MsoNormal\">Die entsprechenden Verkehrszeichen zur Regelung der Sperrzone werden am Freitag, 27. Juli, eingerichtet, die bemannten Absperrungen ab dem ersten Kirmestag (2. August). Am Montag, 13. August, sind alle Sperren wieder ge\u00f6ffnet \u2013 die Freigabe der Dorstener Stra\u00dfe f\u00fcr den regul\u00e4ren Verkehr ist f\u00fcr sp\u00e4testens Mittwoch, 15. August, um 16 Uhr geplant.<\/p>\n<p class=\"ox-cc5c4f2c27-MsoNormal\">\n<p class=\"ox-cc5c4f2c27-MsoNormal\"><b>Alle Informationen finden Sie auch hier:<\/b><\/p>\n<p class=\"ox-cc5c4f2c27-MsoNormal\"><a href=\"http:\/\/www.cranger-kirmes.de\/crange-info\/anreise-parken.html\" target=\"_blank\" rel=\"noopener\">www.cranger-kirmes.de\/crange-info\/anreise-parken.html<\/a><\/p>\n<p class=\"ox-cc5c4f2c27-MsoNormal\">\u00a0<img loading=\"lazy\" class=\"alignnone size-medium wp-image-3557\" src=\"https:\/\/www.germancoaster.com\/wp-content\/uploads\/2018\/07\/Parkpl\u00e4tze-CK-2018-\u00a9-Stadtmarketing-Herne-GmbH-Daniel-Kiwitt-200x300.jpg\" alt=\"\" width=\"200\" height=\"300\" srcset=\"https:\/\/germancoaster.com\/wp-content\/uploads\/2018\/07\/Parkpl\u00e4tze-CK-2018-\u00a9-Stadtmarketing-Herne-GmbH-Daniel-Kiwitt-200x300.jpg 200w, https:\/\/germancoaster.com\/wp-content\/uploads\/2018\/07\/Parkpl\u00e4tze-CK-2018-\u00a9-Stadtmarketing-Herne-GmbH-Daniel-Kiwitt-768x1152.jpg 768w, https:\/\/germancoaster.com\/wp-content\/uploads\/2018\/07\/Parkpl\u00e4tze-CK-2018-\u00a9-Stadtmarketing-Herne-GmbH-Daniel-Kiwitt-682x1024.jpg 682w, https:\/\/germancoaster.com\/wp-content\/uploads\/2018\/07\/Parkpl\u00e4tze-CK-2018-\u00a9-Stadtmarketing-Herne-GmbH-Daniel-Kiwitt.jpg 1181w\" sizes=\"(max-width: 200px) 100vw, 200px\" \/><\/p>\n","protected":false},"excerpt":{"rendered":"<p>Der Veranstalter r\u00e4t es dringend an, die Polizei appelliert: Besucher der Cranger Kirmes sollten nach M\u00f6glichkeit den Pkw in der Garage lassen und mit Bus und Bahn oder dem Fahrrad zum Rummelplatz am Rhein-Herne-Kanal fahren. Das aktualisierte und weiter verbesserte Sicherheitskonzept erfordert allerdings eine leicht ge\u00e4nderte Verkehrsf\u00fchrung, sodass die Busse ...<\/p>\n","protected":false},"author":2,"featured_media":3556,"comment_status":"open","ping_status":"open","sticky":false,"template":"","format":"standard","meta":[],"categories":[9,11,39],"tags":[],"_links":{"self":[{"href":"https:\/\/germancoaster.com\/index.php?rest_route=\/wp\/v2\/posts\/3555"}],"collection":[{"href":"https:\/\/germancoaster.com\/index.php?rest_route=\/wp\/v2\/posts"}],"about":[{"href":"https:\/\/germancoaster.com\/index.php?rest_route=\/wp\/v2\/types\/post"}],"author":[{"embeddable":true,"href":"https:\/\/germancoaster.com\/index.php?rest_route=\/wp\/v2\/users\/2"}],"replies":[{"embeddable":true,"href":"https:\/\/germancoaster.com\/index.php?rest_route=%2Fwp%2Fv2%2Fcomments&post=3555"}],"version-history":[{"count":1,"href":"https:\/\/germancoaster.com\/index.php?rest_route=\/wp\/v2\/posts\/3555\/revisions"}],"predecessor-version":[{"id":3558,"href":"https:\/\/germancoaster.com\/index.php?rest_route=\/wp\/v2\/posts\/3555\/revisions\/3558"}],"wp:featuredmedia":[{"embeddable":true,"href":"https:\/\/germancoaster.com\/index.php?rest_route=\/wp\/v2\/media\/3556"}],"wp:attachment":[{"href":"https:\/\/germancoaster.com\/index.php?rest_route=%2Fwp%2Fv2%2Fmedia&parent=3555"}],"wp:term":[{"taxonomy":"category","embeddable":true,"href":"https:\/\/germancoaster.com\/index.php?rest_route=%2Fwp%2Fv2%2Fcategories&post=3555"},{"taxonomy":"post_tag","embeddable":true,"href":"https:\/\/germancoaster.com\/index.php?rest_route=%2Fwp%2Fv2%2Ftags&post=3555"}],"curies":[{"name":"wp","href":"https:\/\/api.w.org\/{rel}","templated":true}]}}