{"id":3582,"date":"2018-08-17T20:18:31","date_gmt":"2018-08-17T18:18:31","guid":{"rendered":"https:\/\/www.germancoaster.com\/?p=3582"},"modified":"2018-08-17T20:18:31","modified_gmt":"2018-08-17T18:18:31","slug":"vorabankuendigung-halloween-horror-festival","status":"publish","type":"post","link":"https:\/\/germancoaster.com\/?p=3582","title":{"rendered":"Vorabank\u00fcndigung Halloween Horror Fest(ival)"},"content":{"rendered":"<p>20 Jahre Halloween Horror Fest in dieser Saison m\u00fcssen gefeiert werden und das l\u00e4sst sich der Movie Park Germany nicht zwei Mal sagen. Dabei hat sich das Kreativteam rund um Manuel Prossotowicz, Projektleiter hinter Europas gr\u00f6\u00dftem Horror-Event dieser Art, einiges einfallen lassen. \u201eWir haben etliche Neuheiten und generelle \u00c4nderungen im Konzept und werden nun auch den Namen anpassen\u201c, erkl\u00e4rt Gesch\u00e4ftsf\u00fchrer Thorsten Backhaus die erste gro\u00dfe Ver\u00e4nderung. Aus dem Halloween Horror Fest wird ab diesem Jahr das Halloween Horror Festival. Ein neues Logo hat der Park schon jetzt auf den Weg gebracht. \u201eWas es damit genau auf sich hat und warum wir ausgerechnet diese Namens\u00e4nderung vorgenommen haben, verraten wir in den n\u00e4chsten Tagen auf unserer Website und den Movie Park Social Media Kan\u00e4len.\u201c<\/p>\n<p><img loading=\"lazy\" class=\"alignnone size-medium wp-image-3584\" src=\"https:\/\/www.germancoaster.com\/wp-content\/uploads\/2018\/08\/61A7292A-5941-4523-A51B-F5F6F3DC2B13-300x169.jpeg\" alt=\"\" width=\"300\" height=\"169\" srcset=\"https:\/\/germancoaster.com\/wp-content\/uploads\/2018\/08\/61A7292A-5941-4523-A51B-F5F6F3DC2B13-300x169.jpeg 300w, https:\/\/germancoaster.com\/wp-content\/uploads\/2018\/08\/61A7292A-5941-4523-A51B-F5F6F3DC2B13-768x432.jpeg 768w, https:\/\/germancoaster.com\/wp-content\/uploads\/2018\/08\/61A7292A-5941-4523-A51B-F5F6F3DC2B13-1024x576.jpeg 1024w, https:\/\/germancoaster.com\/wp-content\/uploads\/2018\/08\/61A7292A-5941-4523-A51B-F5F6F3DC2B13.jpeg 1920w\" sizes=\"(max-width: 300px) 100vw, 300px\" \/> <img loading=\"lazy\" class=\"alignnone size-medium wp-image-3585\" src=\"https:\/\/www.germancoaster.com\/wp-content\/uploads\/2018\/08\/1A8184EB-DCBC-4A55-8A93-CECDB13635BD-265x300.jpeg\" alt=\"\" width=\"265\" height=\"300\" srcset=\"https:\/\/germancoaster.com\/wp-content\/uploads\/2018\/08\/1A8184EB-DCBC-4A55-8A93-CECDB13635BD-265x300.jpeg 265w, https:\/\/germancoaster.com\/wp-content\/uploads\/2018\/08\/1A8184EB-DCBC-4A55-8A93-CECDB13635BD-768x869.jpeg 768w, https:\/\/germancoaster.com\/wp-content\/uploads\/2018\/08\/1A8184EB-DCBC-4A55-8A93-CECDB13635BD-905x1024.jpeg 905w\" sizes=\"(max-width: 265px) 100vw, 265px\" \/> <img loading=\"lazy\" class=\"alignnone size-medium wp-image-3586\" src=\"https:\/\/www.germancoaster.com\/wp-content\/uploads\/2018\/08\/64D0581B-2537-461C-A7AF-BEAAA8C14F67-300x169.jpeg\" alt=\"\" width=\"300\" height=\"169\" srcset=\"https:\/\/germancoaster.com\/wp-content\/uploads\/2018\/08\/64D0581B-2537-461C-A7AF-BEAAA8C14F67-300x169.jpeg 300w, https:\/\/germancoaster.com\/wp-content\/uploads\/2018\/08\/64D0581B-2537-461C-A7AF-BEAAA8C14F67-768x432.jpeg 768w, https:\/\/germancoaster.com\/wp-content\/uploads\/2018\/08\/64D0581B-2537-461C-A7AF-BEAAA8C14F67-1024x576.jpeg 1024w, https:\/\/germancoaster.com\/wp-content\/uploads\/2018\/08\/64D0581B-2537-461C-A7AF-BEAAA8C14F67.jpeg 1920w\" sizes=\"(max-width: 300px) 100vw, 300px\" \/><\/p>\n<p>&nbsp;<\/p>\n<p>Verraten werden kann allerdings, dass die themenspezifische Dekoration auf den Stra\u00dfen und im Park, die bereits im vergangenen Jahr f\u00fcr Begeisterung gesorgt hat, weiter ausgebaut wird. \u201eWir legen noch mehr Wert auf die Details, grenzen die einzelnen Stra\u00dfenabschnitte durch strukturierte und einer klaren Linie folgende Thematisierungen noch weiter voneinander ab\u201c, freut sich Thorsten Backhaus. Als Highlight wird es zudem in diesem Jahr einen neuen Themenbereich geben. Nicht nur Deko und Thema sind neu, auch wird es dort neue Angebote im Bereich der Gastronomie geben.<\/p>\n<p>&nbsp;<\/p>\n<p>Als besonderes Highlight k\u00f6nnen sich die G\u00e4ste im Jubil\u00e4umsjahr auf eine komplett neue Horror-Attraktion freuen. \u201eWir stecken seit vielen Wochen in den Planungen und k\u00f6nnen ein spannendes und neues Konzept als Geburtstagsgeschenk f\u00fcr unsere G\u00e4ste ank\u00fcndigen\u201c gew\u00e4hrt Manuel Prossotowicz einen ersten Einblick. \u201eUnd wir k\u00f6nnen unsere Fans beruhigen. Es wird kein bestehendes Labyrinth weichen m\u00fcssen.\u201c Somit k\u00f6nnen sich alle Besucher im Oktober auf insgesamt acht verschiedene Horror-H\u00e4user freuen. Bereits in der Saison 2017 verzeichnete Movie Park Germany mit dem Halloween Horror Fest einen erneuten Besucherrekord und konnte auch in der Abstimmung um den bekannten PARKSCOUT PUBLIKUMS AWARD den ersten Platz f\u00fcr \u201eDeutschlands bestes Freizeitpark-Event\u201c belegen. Ab sofort k\u00f6nnen sich Fans die Tickets f\u00fcr das beliebte Horror-Event und die streng limitierten Vorverkaufstage unter <a href=\"http:\/\/www.halloween-horror-festival.de\/\">www.halloween-horror-festival.de<\/a> sichern.<\/p>\n","protected":false},"excerpt":{"rendered":"<p>20 Jahre Halloween Horror Fest in dieser Saison m\u00fcssen gefeiert werden und das l\u00e4sst sich der Movie Park Germany nicht zwei Mal sagen. Dabei hat sich das Kreativteam rund um Manuel Prossotowicz, Projektleiter hinter Europas gr\u00f6\u00dftem Horror-Event dieser Art, einiges einfallen lassen. \u201eWir haben etliche Neuheiten und generelle \u00c4nderungen im ...<\/p>\n","protected":false},"author":2,"featured_media":3583,"comment_status":"open","ping_status":"open","sticky":false,"template":"","format":"standard","meta":[],"categories":[5,8,11,39,43,49],"tags":[],"_links":{"self":[{"href":"https:\/\/germancoaster.com\/index.php?rest_route=\/wp\/v2\/posts\/3582"}],"collection":[{"href":"https:\/\/germancoaster.com\/index.php?rest_route=\/wp\/v2\/posts"}],"about":[{"href":"https:\/\/germancoaster.com\/index.php?rest_route=\/wp\/v2\/types\/post"}],"author":[{"embeddable":true,"href":"https:\/\/germancoaster.com\/index.php?rest_route=\/wp\/v2\/users\/2"}],"replies":[{"embeddable":true,"href":"https:\/\/germancoaster.com\/index.php?rest_route=%2Fwp%2Fv2%2Fcomments&post=3582"}],"version-history":[{"count":1,"href":"https:\/\/germancoaster.com\/index.php?rest_route=\/wp\/v2\/posts\/3582\/revisions"}],"predecessor-version":[{"id":3587,"href":"https:\/\/germancoaster.com\/index.php?rest_route=\/wp\/v2\/posts\/3582\/revisions\/3587"}],"wp:featuredmedia":[{"embeddable":true,"href":"https:\/\/germancoaster.com\/index.php?rest_route=\/wp\/v2\/media\/3583"}],"wp:attachment":[{"href":"https:\/\/germancoaster.com\/index.php?rest_route=%2Fwp%2Fv2%2Fmedia&parent=3582"}],"wp:term":[{"taxonomy":"category","embeddable":true,"href":"https:\/\/germancoaster.com\/index.php?rest_route=%2Fwp%2Fv2%2Fcategories&post=3582"},{"taxonomy":"post_tag","embeddable":true,"href":"https:\/\/germancoaster.com\/index.php?rest_route=%2Fwp%2Fv2%2Ftags&post=3582"}],"curies":[{"name":"wp","href":"https:\/\/api.w.org\/{rel}","templated":true}]}}