{"id":457,"date":"2017-08-14T12:19:12","date_gmt":"2017-08-14T12:19:12","guid":{"rendered":"http:\/\/www.germancoaster.com\/?p=457"},"modified":"2017-08-14T12:19:12","modified_gmt":"2017-08-14T12:19:12","slug":"582-cranger-kirmes","status":"publish","type":"post","link":"https:\/\/germancoaster.com\/?p=457","title":{"rendered":"582. Cranger Kirmes"},"content":{"rendered":"<p class=\"ox-eef4d49dcb-MsoNormal\">We were amused<\/p>\n<p class=\"ox-eef4d49dcb-MsoNormal\">Rund 3,8 Millionen Besucher werden die 582. Cranger Kirmes besucht haben, wenn der Rummel heute Abend nach dem Abschlussfeuerwerk langsam zu Ende geht.<\/p>\n<p class=\"ox-eef4d49dcb-MsoNormal\">\n<p class=\"ox-eef4d49dcb-MsoNormal\">Diese Prognose gaben die Veranstalter bei der heutigen Abschlusspressekonferenz. Bei bestem Kirmeswetter f\u00fcllten am letzten Kirmestag schon vor der \u00d6ffnung der Buden und Fahrgesch\u00e4fte Besucherscharen den Kirmesplatz am Rhein-Herne-Kanal. Veranstalter, Schausteller und Vertreter von Polizei, Feuerwehr und DRK ziehen eine positive Bilanz der Kirmes. \u201eWir hatten eine friedliche und sch\u00f6ne Kirmes mit einer gel\u00f6sten und sehr lockeren Stimmung\u201c, freut sich Kirmesdezernent Johannes Chudziak, Stadt Herne.<\/p>\n<p class=\"ox-eef4d49dcb-MsoNormal\">\n<p class=\"ox-eef4d49dcb-MsoNormal\">Der Familientag am Mittwoch, 9. August, h\u00e4tte durchaus eine bis zwei Stunden l\u00e4nger dauern k\u00f6nnen, wenn man sich den um Mitternacht immer noch sehr gut gef\u00fcllten Platz vor Augen f\u00fchrt. \u201eDer Kirmesmontag war herausragend und auch der 11. Tag hat sich bew\u00e4hrt\u201c, berichtet Chudziak. Die Veranstalter freuten sich, dass das neue Festzelt \u201eGl\u00fcck auf Crange\u201c so gut angenommen wurde. Chudziak sprach von einer \u201egelungenen Premiere\u201c: \u201eFast jeden Abend feierten die Besucher in ausgelassener Partystimmung auf den Tischen.\u201c \u201eBei den Fahrgesch\u00e4ften ist die Neuheit Infinity sehr gut angekommen und st\u00e4ndig voll gefahren\u201c, so Werner Friedhoff, Stadt Herne, Fachbereichsleiter \u00d6ffentliche Ordnung und Sport. Lediglich die dreieinhalb Regentage h\u00e4tten die Stimmung etwas gedr\u00fcckt und den Kinderfahrgesch\u00e4ften die Gewinne geschm\u00e4lert. Von den Besuchern habe es positive R\u00fcckmeldung zum Einsatz der Polizei gegeben: \u201eSch\u00f6n, dass keine schwerbewaffneten Polizisten an den Betonpollern standen\u201c, so Friedhoff, der die Stimmung wie folgt wiedergibt: \u201eWir freuen uns \u00fcber diese ruhige und fast schon entspannte Kirmes.\u201c<\/p>\n<p class=\"ox-eef4d49dcb-MsoNormal\">\n<p class=\"ox-eef4d49dcb-MsoNormal\">Gut eingespielte Zusammenarbeit<\/p>\n<p class=\"ox-eef4d49dcb-MsoNormal\">Der Veranstalter bedankte sich f\u00fcr die gut eingespielte Zusammenarbeit mit DRK, Feuerwehr und Polizei. Das Sicherheitskonzept habe gegriffen. \u201eDurch einen angemessenen Kr\u00e4fteeinsatz haben wir Sicherheit hergestellt und allen Besuchern ein Sicherheitsgef\u00fchl gegeben\u201c, berichtet Uwe Hillen, Assistent des Polizeif\u00fchrers. \u201eDank der mobilen Videobeobachtung konnten wir reagieren, als z.\u00a0B. Rockergruppen den Platz betreten hatten\u201c, so Hillen mit Hinweis auf eine beweissichere Strafverfolgung.<\/p>\n<p class=\"ox-eef4d49dcb-MsoNormal\">\n<p class=\"ox-eef4d49dcb-MsoNormal\">Feuerwehr und DRK<\/p>\n<p class=\"ox-eef4d49dcb-MsoNormal\">\u201eDie neue Einsatzleitung von der Schleuse aus hat sich bew\u00e4hrt und es ist alles gut gelaufen,\u201c res\u00fcmiert Ralf Radloff von der Berufsfeuerfeuer Herne. \u201eAb und zu wurde aus dem J\u00e4ckchenwetter ein Regenj\u00e4ckchenwetter; am Ende liegen wir bei durchschnittlichen Einsatzzahlen\u201c, so Radloff weiter. Die Einsatzstatistik der Feuerwehr verzeichnete bis Sonntagmittag insgesamt 40 Rettungsdienstliche Eins\u00e4tze und einen kleinen Brandeinsatz an einem Elektrounterverteiler; dieser hatte angefangen zu schmoren. Der Einsatz konnte nach etwa einer halben Stunde erfolgreich beendet werden, das defekte Ger\u00e4t wurde schnell ausgetauscht.<\/p>\n<p class=\"ox-eef4d49dcb-MsoNormal\">\u201eBis zum Sonntagmorgen hatten wir vom DRK insgesamt 388 Hilfeleistungen verzeichnet\u201c, schildert Rainer Weichert, Wachleiter DRK Herne\/Wanne-Eickel. In 143 F\u00e4llen handelte es sich um Kleinst\u00adversorgungen, 119 Besucher fanden selbst den Weg zur Sanit\u00e4tswache, 123 Personen wurden ins Krankenhaus bef\u00f6rdert, 3 vermisste Personen wurden gesucht und gefunden.<\/p>\n<p class=\"ox-eef4d49dcb-MsoNormal\">\n<p class=\"ox-eef4d49dcb-MsoNormal\">\u201eDie Wanne-Eickeler leben f\u00fcr ihre Kirmes, das ist einzigartig\u201c, so Albert Ritter<\/p>\n<p class=\"ox-eef4d49dcb-MsoNormal\">\u201eWenn wir am elften Tag von einer fr\u00f6hlichen und friedlichen Kirmes sprechen k\u00f6nnen, dann ist das ein voller Erfolg\u201c, so Albert Ritter. Nur die beiden gro\u00dfen verregneten Kirmessamstage sp\u00fcrten die Schausteller in der Kasse. Der R\u00fcckhalt und das Miteinander seien auf Crange stets sehr gro\u00df. Die ersten Reservierungen f\u00fcr 2018 sind bereits eingegangen und aus Schaustellersicht d\u00fcrfe der erste Tag im n\u00e4chsten Jahr gerne schon vor 18 Uhr beginnen, damit die Kinder auf ihre Kosten k\u00e4men.<\/p>\n<p class=\"ox-eef4d49dcb-MsoNormal\">\n<p class=\"ox-eef4d49dcb-MsoNormal\">Crange-Erlebnisse und Crangep\u00e4sse<\/p>\n<p class=\"ox-eef4d49dcb-MsoNormal\">Die exklusiven \u201eCrange Erlebnisse\u201c wurde von den Kirmesbesuchern auch in diesem Jahr gut angenommen. Von den \u00fcber 300 Buchungen kamen 60% der Teilnehmer aus Herne, 35 % aus dem \u00fcbrigen Ruhrgebiet und 5% von au\u00dferhalb. Durch das neue Angebot \u201eSo geht Kirmes\u201c konnten insbesondere bei den F\u00fchrungen mehr Buchungen verzeichnet werden. Neue Formate sind bereits in Planung. Auch die Crangetaler bleiben ein Erfolgsmodell. Die 15.000 Schlemmerp\u00e4sse waren in nur eineinhalb Tagen ausverkauft. Bei den Fahrp\u00e4ssen gingen insgesamt rund 12.000 Hefte \u00fcber die Theke. Der Service bei Verkauf und Onlinebuchung wird im n\u00e4chsten Jahr verbessert.<\/p>\n<p class=\"ox-eef4d49dcb-MsoNormal\">\n<p class=\"ox-eef4d49dcb-MsoNormal\">Die 583. Cranger Kirmes beginnt wieder am ersten Donnerstag im August und dauert vom 2. bis zum 12. August.<img loading=\"lazy\" class=\"size-medium wp-image-459 aligncenter\" src=\"https:\/\/www.germancoaster.com\/wp-content\/uploads\/2017\/08\/582.-Cranger-Kirmes_Infinity-\u00a9-Stadtmarketing-Herne-GmbH-300x225.jpg\" alt=\"\" width=\"300\" height=\"225\" srcset=\"https:\/\/germancoaster.com\/wp-content\/uploads\/2017\/08\/582.-Cranger-Kirmes_Infinity-\u00a9-Stadtmarketing-Herne-GmbH-300x225.jpg 300w, https:\/\/germancoaster.com\/wp-content\/uploads\/2017\/08\/582.-Cranger-Kirmes_Infinity-\u00a9-Stadtmarketing-Herne-GmbH-768x576.jpg 768w, https:\/\/germancoaster.com\/wp-content\/uploads\/2017\/08\/582.-Cranger-Kirmes_Infinity-\u00a9-Stadtmarketing-Herne-GmbH-1024x768.jpg 1024w\" sizes=\"(max-width: 300px) 100vw, 300px\" \/><\/p>\n<p>Fotos: Stadtmarketing Herne GmbH, Markus Reddig<\/p>\n","protected":false},"excerpt":{"rendered":"<p>We were amused Rund 3,8 Millionen Besucher werden die 582. Cranger Kirmes besucht haben, wenn der Rummel heute Abend nach dem Abschlussfeuerwerk langsam zu Ende geht. Diese Prognose gaben die Veranstalter bei der heutigen Abschlusspressekonferenz. Bei bestem Kirmeswetter f\u00fcllten am letzten Kirmestag schon vor der \u00d6ffnung der Buden und Fahrgesch\u00e4fte ...<\/p>\n","protected":false},"author":2,"featured_media":458,"comment_status":"open","ping_status":"open","sticky":false,"template":"","format":"standard","meta":[],"categories":[9,11,39],"tags":[13,41,40,19,20],"_links":{"self":[{"href":"https:\/\/germancoaster.com\/index.php?rest_route=\/wp\/v2\/posts\/457"}],"collection":[{"href":"https:\/\/germancoaster.com\/index.php?rest_route=\/wp\/v2\/posts"}],"about":[{"href":"https:\/\/germancoaster.com\/index.php?rest_route=\/wp\/v2\/types\/post"}],"author":[{"embeddable":true,"href":"https:\/\/germancoaster.com\/index.php?rest_route=\/wp\/v2\/users\/2"}],"replies":[{"embeddable":true,"href":"https:\/\/germancoaster.com\/index.php?rest_route=%2Fwp%2Fv2%2Fcomments&post=457"}],"version-history":[{"count":1,"href":"https:\/\/germancoaster.com\/index.php?rest_route=\/wp\/v2\/posts\/457\/revisions"}],"predecessor-version":[{"id":460,"href":"https:\/\/germancoaster.com\/index.php?rest_route=\/wp\/v2\/posts\/457\/revisions\/460"}],"wp:featuredmedia":[{"embeddable":true,"href":"https:\/\/germancoaster.com\/index.php?rest_route=\/wp\/v2\/media\/458"}],"wp:attachment":[{"href":"https:\/\/germancoaster.com\/index.php?rest_route=%2Fwp%2Fv2%2Fmedia&parent=457"}],"wp:term":[{"taxonomy":"category","embeddable":true,"href":"https:\/\/germancoaster.com\/index.php?rest_route=%2Fwp%2Fv2%2Fcategories&post=457"},{"taxonomy":"post_tag","embeddable":true,"href":"https:\/\/germancoaster.com\/index.php?rest_route=%2Fwp%2Fv2%2Ftags&post=457"}],"curies":[{"name":"wp","href":"https:\/\/api.w.org\/{rel}","templated":true}]}}